{"id":720,"date":"2012-03-07T17:44:46","date_gmt":"2012-03-07T15:44:46","guid":{"rendered":"http:\/\/de.processorientation.com\/?p=720"},"modified":"2012-05-11T19:38:04","modified_gmt":"2012-05-11T17:38:04","slug":"gastvortrag-von-andreas-suter-an-der-tu-graz-zum-thema-prozessmanagement","status":"publish","type":"post","link":"http:\/\/de.processorientation.com\/?p=720","title":{"rendered":"Vortrag von Andreas Suter an der TU Graz zum Thema Prozessmanagement"},"content":{"rendered":"<p>Andreas Suter wird am Montag, den 12. M\u00e4rz 2012 einen Gastvortrag zum Thema prozessorientierte Organisationsgestaltung im Rahmen der Lehrveranstaltung \u201eProzessmanagement\u201c an der Technischen Universit\u00e4t Graz geben. N\u00e4heres dazu ist auf der <a title=\"Institut f\u00fcr Unternehmungsf\u00fchrung und Organisation\" href=\"http:\/\/ufo.tugraz.at\/\" target=\"_blank\">Webseite des Instituts f\u00fcr Unternehmungsf\u00fchrung und Organisation<\/a> zu finden. Die Inhalte des Vortrags sind:<\/p>\n<ul>\n<li>Strategiegerechte Gestaltung von Prozessen und der Organisation.<\/li>\n<li>Makro- vor Mikrodesign von Gesch\u00e4ftsprozessen.<\/li>\n<li>Black-Box-Ansatz: Kl\u00e4rung der Randbedingungen, z.B. Unternehmens-, Prozess und Organisationsgrenzen, insb. Definition der Gesch\u00e4ftsprozesse.<\/li>\n<li>Autonomieprinzip des Prozesses: Integration von Wertsch\u00f6pfung und Prozessregelung.<\/li>\n<li>Auftraggeber-Auftragnehmer-Beziehungen zwischen Prozessen, Kunden, Lieferanten als L\u00f6sung von organisatorischen Schnittstellenproblemen.<\/li>\n<li>Innovationsmanagement in der prozessorientierten Organisation.<\/li>\n<li>Prozessbasierte Aufbauorganisation.<\/li>\n<\/ul>\n<p>Unterlagen zum Vortrag sind <a href=\"http:\/\/www.gronova.org\/blog\/der-grazer-ansatz\/\" title=\"Der Grazer Ansatz\" target=\"_blank\">hier<\/a> zu finden. Dr. Andreas Suter, zur Zeit Gesch\u00e4ftsf\u00fchrer einer schweizer Beratungsfirma, ist ehemaliger Professor am Institut f\u00fcr Unternehmungsf\u00fchrung und Organisation an der Technischen Universit\u00e4t Graz.<\/p>\n","protected":false},"excerpt":{"rendered":"<p>Andreas Suter wird am Montag, den 12. M\u00e4rz 2012 einen Gastvortrag zum Thema prozessorientierte Organisationsgestaltung im Rahmen der Lehrveranstaltung \u201eProzessmanagement\u201c an der Technischen Universit\u00e4t Graz geben. N\u00e4heres dazu ist auf der Webseite des Instituts f\u00fcr Unternehmungsf\u00fchrung und Organisation zu finden. Die Inhalte des Vortrags sind: Strategiegerechte Gestaltung von Prozessen und der Organisation. Makro- vor Mikrodesign [&hellip;]<\/p>\n","protected":false},"author":1,"featured_media":0,"comment_status":"open","ping_status":"open","sticky":false,"template":"","format":"standard","meta":[],"categories":[1],"tags":[35,13,14,44,21],"_links":{"self":[{"href":"http:\/\/de.processorientation.com\/index.php?rest_route=\/wp\/v2\/posts\/720"}],"collection":[{"href":"http:\/\/de.processorientation.com\/index.php?rest_route=\/wp\/v2\/posts"}],"about":[{"href":"http:\/\/de.processorientation.com\/index.php?rest_route=\/wp\/v2\/types\/post"}],"author":[{"embeddable":true,"href":"http:\/\/de.processorientation.com\/index.php?rest_route=\/wp\/v2\/users\/1"}],"replies":[{"embeddable":true,"href":"http:\/\/de.processorientation.com\/index.php?rest_route=%2Fwp%2Fv2%2Fcomments&post=720"}],"version-history":[{"count":14,"href":"http:\/\/de.processorientation.com\/index.php?rest_route=\/wp\/v2\/posts\/720\/revisions"}],"predecessor-version":[{"id":742,"href":"http:\/\/de.processorientation.com\/index.php?rest_route=\/wp\/v2\/posts\/720\/revisions\/742"}],"wp:attachment":[{"href":"http:\/\/de.processorientation.com\/index.php?rest_route=%2Fwp%2Fv2%2Fmedia&parent=720"}],"wp:term":[{"taxonomy":"category","embeddable":true,"href":"http:\/\/de.processorientation.com\/index.php?rest_route=%2Fwp%2Fv2%2Fcategories&post=720"},{"taxonomy":"post_tag","embeddable":true,"href":"http:\/\/de.processorientation.com\/index.php?rest_route=%2Fwp%2Fv2%2Ftags&post=720"}],"curies":[{"name":"wp","href":"https:\/\/api.w.org\/{rel}","templated":true}]}}